[{"@context":"https:\/\/schema.org\/","@type":"Article","@id":"https:\/\/www.kusi.sk\/ako-zariadit-obyvacku-aby-posobila-relaxacne-aj-ucelovo-zaroven\/#Article","mainEntityOfPage":"https:\/\/www.kusi.sk\/ako-zariadit-obyvacku-aby-posobila-relaxacne-aj-ucelovo-zaroven\/","headline":"Ako zariadi\u0165 ob\u00fdva\u010dku aby p\u00f4sobila relaxa\u010dne aj \u00fa\u010delovo z\u00e1rove\u0148","name":"Ako zariadi\u0165 ob\u00fdva\u010dku aby p\u00f4sobila relaxa\u010dne aj \u00fa\u010delovo z\u00e1rove\u0148","description":"Ob\u00fdvacia miestnos\u0165 vo v\u0161eobecnosti patr\u00ed k miestnostiam, v ktor\u00fdch sa relaxuje. V\u00e4\u010d\u0161ina \u013eud\u00ed tu m\u00e1 umiestnen\u00fa telev\u00edziu a zariaden\u00fa pod\u013ea predst\u00e1v a vkusu. Pri zaria\u010fovan\u00ed ob\u00fdva\u010dky niekto uprednost\u0148uje minimalistick\u00fd \u0161t\u00fdl, v r\u00e1mci ktor\u00e9ho posta\u010duje sedacia s\u00faprava, kreslo a jednoduch\u00fd stol\u00edk pod telev\u00edzor. Tak\u00e9to ob\u00fdva\u010dky p\u00f4sobia zauj\u00edmavo a mimoriadne vo\u013ene. Niekto, naopak, uprednost\u0148uje viac n\u00e1bytku, skrinky,...","datePublished":"2022-10-05","dateModified":"2024-01-25","author":{"@type":"Person","@id":"https:\/\/www.kusi.sk\/author\/#Person","name":"","url":"https:\/\/www.kusi.sk\/author\/","identifier":1,"image":{"@type":"ImageObject","@id":"https:\/\/secure.gravatar.com\/avatar\/bbaa4e9a58aac4329fe0ade0f3fb816f09f0dc43c21f6e884dccfbc124b16b29?s=96&d=mm&r=g","url":"https:\/\/secure.gravatar.com\/avatar\/bbaa4e9a58aac4329fe0ade0f3fb816f09f0dc43c21f6e884dccfbc124b16b29?s=96&d=mm&r=g","height":96,"width":96}},"publisher":{"@type":"Organization","name":"kusi.sk","logo":{"@type":"ImageObject","@id":"\/logo.png","url":"\/logo.png","width":600,"height":60}},"image":{"@type":"ImageObject","@id":"https:\/\/www.kusi.sk\/wp-content\/uploads\/obyvaci_pokojh_rzmuFQ.jpg","url":"https:\/\/www.kusi.sk\/wp-content\/uploads\/obyvaci_pokojh_rzmuFQ.jpg","height":0,"width":0},"url":"https:\/\/www.kusi.sk\/ako-zariadit-obyvacku-aby-posobila-relaxacne-aj-ucelovo-zaroven\/","about":["Dom a z\u00e1hrada"],"wordCount":470,"articleBody":"         Ob\u00fdvacia miestnos\u0165 vo v\u0161eobecnosti patr\u00ed k miestnostiam, v ktor\u00fdch sa relaxuje. V\u00e4\u010d\u0161ina \u013eud\u00ed tu m\u00e1 umiestnen\u00fa telev\u00edziu a zariaden\u00fa pod\u013ea predst\u00e1v a vkusu. Pri zaria\u010fovan\u00ed ob\u00fdva\u010dky niekto uprednost\u0148uje minimalistick\u00fd \u0161t\u00fdl, v r\u00e1mci ktor\u00e9ho posta\u010duje sedacia s\u00faprava, kreslo a jednoduch\u00fd stol\u00edk pod telev\u00edzor. Tak\u00e9to ob\u00fdva\u010dky p\u00f4sobia zauj\u00edmavo a mimoriadne vo\u013ene. Niekto, naopak, uprednost\u0148uje viac n\u00e1bytku, skrinky, konferen\u010dn\u00fd stol\u00edk ve\u013ek\u00fa sedaciu s\u00fapravu a podobne. Mo\u017enost\u00ed ako zariadi\u0165 ob\u00fdva\u010dku je teda nieko\u013eko \u2013 urobi\u0165 to pod\u013ea vlastn\u00e9ho vkusu in\u0161tinkt\u00edvne pod\u013ea katal\u00f3gov alebo pri zaria\u010fovan\u00ed po\u017eiada\u0165 odborn\u00edkov, ktor\u00ed navrhn\u00fa ide\u00e1lne a modern\u00e9 zariadenie cel\u00e9ho interi\u00e9ru.   Farebn\u00e9 prevedenie ob\u00fdvacej miestnosti Pri ot\u00e1zke ako zariadi\u0165 ob\u00fdva\u010dku je potrebn\u00e9 v prvom rade zv\u00e1\u017ei\u0165 na ktorej svetovej strane jeumiestnen\u00e1. Pr\u00e1ve toto je d\u00f4le\u017eit\u00e9 u\u017e pri v\u00fdbere farby stien pri ma\u013eovan\u00ed. \u010ealej je potrebn\u00e9 vych\u00e1dza\u0165 z jestvuj\u00facej podlahovej krytiny. Niektor\u00ed \u013eudia si jednotliv\u00e9 miestnosti zariadia pod\u013ea svojho vkusu a u\u017e nepotrebuj\u00fa ni\u010d meni\u0165. Niektor\u00ed naopak radi pravidelne zmenia cel\u00fd \u0161at ob\u00fdvacej miestnosti. To je mo\u017en\u00e9 rie\u0161i\u0165 v\u00fdmenou n\u00e1bytku, \u010do je v\u0161ak finan\u010dne dos\u0165 n\u00e1ro\u010dn\u00e9 ale existuje aj in\u00fd sp\u00f4sob. V\u00fdmenou farebn\u00fdch doplnkov.  V tomto druhom pr\u00edpade je dobre, ke\u010f je ob\u00fdvacia miestnos\u0165 zariaden\u00e1 n\u00e1bytkom v nev\u00fdrazn\u00fdch farb\u00e1ch \u2013 bielej, b\u00e9\u017eovej pr\u00edpadne s nejak\u00fdm siv\u00fdm n\u00e1bytkom. V pr\u00edpade, \u017ee potrebujete zmenu, daj\u00fa sa jednoducho vymeni\u0165 farebn\u00e9 kvetin\u00e1\u010de, deka, v\u00e1za, obraz a podobne. Pr\u00edpadne nech\u00e1te ob\u00fdvaciu miestnos\u0165 bez farebn\u00fdch doplnkov. Pri bielych a b\u00e9\u017eov\u00fdch farb\u00e1ch u\u017e sama o sebe bude vyzera\u0165 zauj\u00edmavo, \u010disto a jednoducho. Zatia\u013e \u010do v minulosti bola d\u00f4le\u017eit\u00e1 farba stien interi\u00e9ru, pri\u010dom sa ve\u013ea kr\u00e1t pou\u017e\u00edvali s\u00fdte farby a e\u0161te aj val\u010dek so vzorom, teraz je ve\u013emi modern\u00e1 a ob\u013e\u00faben\u00e1 biela farba stien. Pr\u00e1ve biela farba je ide\u00e1lna. Pri \u010diasto\u010dnom zne\u010disten\u00ed sa d\u00e1 jednoducho opravi\u0165 a hod\u00ed sa k akejko\u013evek farbe n\u00e1bytku. Pri vo\u013ebe bielej farby stien pr\u00edpadne jednoduchej tapety na niektor\u00fa stenu je mo\u017enost\u00ed ako zariadi\u0165 ob\u00fdva\u010dku viac. V tomto pr\u00edpade sa jednoduch\u0161ie h\u013ead\u00e1 farebn\u00fd odtie\u0148 n\u00e1bytku, obkladov aj doplnkov ako s\u00fa koberce \u010di in\u00e9 bytov\u00e9 doplnky. Viac inform\u00e1ci\u00ed o mo\u017enosti zariadenia ob\u00fdva\u010dky, \u010di v\u00fdberu jednotliv\u00fdch kusov n\u00e1bytku sa dozviete na nasleduj\u00facej internetovej str\u00e1nke: https:\/\/www.sconto.sk.                                                                                                                                                                                                                                                                                                                                                                                          4.4\/5 - (8 votes)        "},{"@context":"https:\/\/schema.org\/","@type":"BreadcrumbList","itemListElement":[{"@type":"ListItem","position":1,"name":"Ako zariadi\u0165 ob\u00fdva\u010dku aby p\u00f4sobila relaxa\u010dne aj \u00fa\u010delovo z\u00e1rove\u0148","item":"https:\/\/www.kusi.sk\/ako-zariadit-obyvacku-aby-posobila-relaxacne-aj-ucelovo-zaroven\/#breadcrumbitem"}]}]