[{"@context":"https:\/\/schema.org\/","@type":"Article","@id":"https:\/\/www.kusi.sk\/musite-sa-pacit-sama-sebe\/#Article","mainEntityOfPage":"https:\/\/www.kusi.sk\/musite-sa-pacit-sama-sebe\/","headline":"Mus\u00edte sa p\u00e1\u010di\u0165 sama sebe","name":"Mus\u00edte sa p\u00e1\u010di\u0165 sama sebe","description":"Doplnky s\u00fa pre \u017eeny nie\u010do, \u010do proste skuto\u010dne potrebuj\u00fa. Nejde len o to, \u017ee sa chceme p\u00e1\u010di\u0165. Ale sk\u00f4r o to, \u017ee je to pre n\u00e1s podstatn\u00e9 a \u017ee sa skuto\u010dne zameriavame na v\u0161etky mali\u010dkosti, ktor\u00e9 sa nach\u00e1dzaj\u00fa okolo n\u00e1s. A je n\u00e1m jedno, \u010do si o tom \u013eudia pomyslia. Je pre n\u00e1s d\u00f4le\u017eit\u00e9, ako...","datePublished":"2018-04-14","dateModified":"2023-10-10","author":{"@type":"Person","@id":"https:\/\/www.kusi.sk\/author\/#Person","name":"","url":"https:\/\/www.kusi.sk\/author\/","identifier":1,"image":{"@type":"ImageObject","@id":"https:\/\/secure.gravatar.com\/avatar\/bbaa4e9a58aac4329fe0ade0f3fb816f09f0dc43c21f6e884dccfbc124b16b29?s=96&d=mm&r=g","url":"https:\/\/secure.gravatar.com\/avatar\/bbaa4e9a58aac4329fe0ade0f3fb816f09f0dc43c21f6e884dccfbc124b16b29?s=96&d=mm&r=g","height":96,"width":96}},"publisher":{"@type":"Organization","name":"kusi.sk","logo":{"@type":"ImageObject","@id":"\/logo.png","url":"\/logo.png","width":600,"height":60}},"image":{"@type":"ImageObject","@id":"https:\/\/www.kusi.sk\/wp-content\/uploads\/img_a288045_w16508_t1526976385.jpg","url":"https:\/\/www.kusi.sk\/wp-content\/uploads\/img_a288045_w16508_t1526976385.jpg","height":0,"width":0},"url":"https:\/\/www.kusi.sk\/musite-sa-pacit-sama-sebe\/","about":["Vzdelanie"],"wordCount":424,"articleBody":"           Doplnky s\u00fa pre \u017eeny nie\u010do, \u010do proste skuto\u010dne potrebuj\u00fa. Nejde len o to, \u017ee sa chceme p\u00e1\u010di\u0165. Ale sk\u00f4r o to, \u017ee je to pre n\u00e1s podstatn\u00e9 a \u017ee sa skuto\u010dne zameriavame na v\u0161etky mali\u010dkosti, ktor\u00e9 sa nach\u00e1dzaj\u00fa okolo n\u00e1s. A je n\u00e1m jedno, \u010do si o tom \u013eudia pomyslia. Je pre n\u00e1s d\u00f4le\u017eit\u00e9, ako vyzer\u00e1me a aj to, ako n\u00e1s vn\u00edmaj\u00fa ostatn\u00ed. Noa\u010do, \u017ee m\u00e1me \u010dasto pocit, \u017ee nie sme dos\u0165 dobr\u00e9 a potom zase to, \u017ee to so starostlivos\u0165ou o seba preh\u00e1\u0148ame. Napriek tomu chceme, aby n\u00e1s \u013eudia a v\u0161etci okolo n\u00e1s vn\u00edmali ako kr\u00e1sne \u017eeny. Tak sa proste rady c\u00edtime, nech sa deje \u010doko\u013evek. Ale to proste neodmyslite\u013ene znamen\u00e1, \u017ee sa mus\u00edme zamera\u0165 aj na r\u00f4zne mali\u010dkosti, ktor\u00e9 n\u00e1s obklopuj\u00fa. Ke\u010f v\u0161ak ide o doplnky, mus\u00edme myslie\u0165 na v\u0161etko. Na prstene, na n\u00e1hrdeln\u00edky a aj na nausnice strieborne, ktor\u00e9 s\u00fa \u00faplne \u00fa\u017easn\u00e9 pr\u00e1ve preto, \u017ee sa hodia \u00faplne ku v\u0161tek\u00e9mu. Mus\u00edte sa v\u0161ak len zamera\u0165 na veci, ktor\u00e9 v\u00e1s vylep\u0161uj\u00fa tak, \u017ee sa v\u00e1m tomu ani nechce veri\u0165. Teraz v\u0161ak u\u017e ide iba o v\u00e1s. Ako sa s t\u00fdm nakoniec vysporiadate a \u010do urob\u00edte preto, aby sa c\u00edtili dobre? \u017deny vo v\u0161eobecnosti uzn\u00e1vaj\u00fa n\u00e1zor, ktor\u00fd hovor\u00ed, \u017ee pre kr\u00e1su sa trp\u00ed, ale naozaj to tak mus\u00ed by\u0165? A teraz si uvedomte, \u010do v\u0161etko rob\u00edte preto, aby ste sa p\u00e1\u010dili druh\u00fdm \u013eu\u010fom. Nerob\u00edte to preto, aby ste sa p\u00e1\u010dili sebe, rob\u00edte to pre druh\u00fdch \u013eud\u00ed, a to je chyba, ktor\u00fa nem\u00f4\u017eete urobi\u0165. Mus\u00edte sa v prvom rade p\u00e1\u010di\u0165 sama sebe a a\u017e potom sa zamera\u0165 na to, \u010do na v\u00e1s hovoria druh\u00ed \u013eudia. Pr\u00e1ve to je podstata, na ktor\u00fa sa mus\u00edte zamera\u0165, inak nebudete nikdy poriadne \u0161\u0165astn\u00e1. A \u0161\u0165astie je nie\u010do, \u010do pre v\u00e1s mus\u00ed by\u0165 v\u017edy podstatn\u00e9. Uvedomte si to a nakoniec predsa len uvid\u00edte, \u017ee je to cel\u00e9 iba o va\u0161om \u0161\u0165ast\u00ed. A o tom, ako sa p\u00e1\u010dite sama sebe. Na \u010fal\u0161ie veci sam\u00f4\u017eete naozaj vyka\u0161la\u0165, pam\u00e4tajte si na to. Pre\u010do by ste sa mali zauj\u00edma\u0165 o n\u00e1zor druh\u00fdch \u013eud\u00ed, nie je to tak?                                                                                                                                                                                                                                                                                                                                                                                          4.2\/5 - (10 votes)        "},{"@context":"https:\/\/schema.org\/","@type":"BreadcrumbList","itemListElement":[{"@type":"ListItem","position":1,"name":"Mus\u00edte sa p\u00e1\u010di\u0165 sama sebe","item":"https:\/\/www.kusi.sk\/musite-sa-pacit-sama-sebe\/#breadcrumbitem"}]}]